{"id":29,"count":0,"description":"Pokud existuje typ akce, ze kter\u00e9ho by si host\u00e9 m\u011bli zaru\u010den\u011b odn\u00e9st vyti\u0161t\u011bnou fotografii, pak je to pr\u00e1v\u011b galave\u010der. P\u00e1nov\u00e9 ve sv\u00fdch nejlep\u0161\u00edch oblec\u00edch, d\u00e1my v kr\u00e1sn\u00fdch ve\u010dern\u00edch \u0161atech. Na takov\u00fdch focen\u00ed nen\u00ed na\u0161e automatick\u00e1 retu\u0161 v\u016fbec pot\u0159eba. V\u011bt\u0161ina n\u00e1mi focen\u00fdch galave\u010der\u016f se odehr\u00e1v\u00e1 v Praze. \u010casto na n\u011b ale vyr\u00e1\u017e\u00edme tak\u00e9 do zahrani\u010d\u00ed - byli jsme t\u0159eba v Lond\u00fdn\u011b, Mnichov\u011b nebo Salcburku.","link":"https:\/\/fotonaut.cz\/en\/fotokoutek\/galavecer\/","name":"Galave\u010der","slug":"galavecer","taxonomy":"fotokoutek","parent":0,"meta":[],"acf":[],"_links":{"self":[{"href":"https:\/\/fotonaut.cz\/en\/wp-json\/wp\/v2\/fotokoutek\/29","targetHints":{"allow":["GET"]}}],"collection":[{"href":"https:\/\/fotonaut.cz\/en\/wp-json\/wp\/v2\/fotokoutek"}],"about":[{"href":"https:\/\/fotonaut.cz\/en\/wp-json\/wp\/v2\/taxonomies\/fotokoutek"}]}}